{"id":1231,"date":"2022-07-15T18:02:06","date_gmt":"2022-07-15T18:02:06","guid":{"rendered":"https:\/\/walternavarrete.com\/?p=1231"},"modified":"2022-07-15T18:02:06","modified_gmt":"2022-07-15T18:02:06","slug":"expectativas-en-la-educacion-genz","status":"publish","type":"post","link":"https:\/\/walternavarrete.com\/academy\/expectativas-en-la-educacion-genz\/","title":{"rendered":"Expectativas en la Educaci\u00f3n &#8211; GenZ"},"content":{"rendered":"\t\t<div data-elementor-type=\"wp-post\" data-elementor-id=\"1231\" class=\"elementor elementor-1231\">\n\t\t\t\t\t\t<section class=\"elementor-section elementor-top-section elementor-element elementor-element-197e93b elementor-section-boxed elementor-section-height-default elementor-section-height-default\" data-id=\"197e93b\" data-element_type=\"section\" data-e-type=\"section\">\n\t\t\t\t\t\t<div class=\"elementor-container elementor-column-gap-default\">\n\t\t\t\t\t<div class=\"elementor-column elementor-col-100 elementor-top-column elementor-element elementor-element-fbc2db9\" data-id=\"fbc2db9\" data-element_type=\"column\" data-e-type=\"column\">\n\t\t\t<div class=\"elementor-widget-wrap elementor-element-populated\">\n\t\t\t\t\t\t<div class=\"elementor-element elementor-element-f6e37a2 elementor-widget elementor-widget-text-editor\" data-id=\"f6e37a2\" data-element_type=\"widget\" data-e-type=\"widget\" data-widget_type=\"text-editor.default\">\n\t\t\t\t<div class=\"elementor-widget-container\">\n\t\t\t\t\t\t\t\t\t<p><\/p>\n<p>Iniciemos ampliando un poco sobre quienes son los estudiatnes de la generaci\u00f3n Z o llamados del termino en ingl\u00e9s <strong>zoomers<\/strong>, son la primera generaci\u00f3n de los &#8220;nativos digitales&#8221; ellos son los que ya integran la tecnolog\u00eda de forma natural, a diferencia de los <strong>Milenials<\/strong> ellos consideran la tecnolog\u00eda como una herramienta, aclarado lo anterior veamos las expectativas que evidenciamos en la educaci\u00f3n para los j\u00f3venes de la generaci\u00f3n Z.<\/p>\n<p><\/p>\n<p>Para esta ilustraci\u00f3n tome como base el libro llamado <strong><a href=\"https:\/\/www.researchgate.net\/publication\/328347222_The_ABC_of_XYZ_Understanding_the_Global_Generations\">The ABC of the XYZ<\/a><\/strong> del autor Mark McCrindle en donde expone lo que el llama las cuatro &#8220;R&#8221; que la generaci\u00f3n Z espera sobre la educaci\u00f3n, estas son:<\/p>\n<p><\/p>\n<h2 class=\"wp-block-heading\" id=\"real\">Real<\/h2>\n<p><\/p>\n<p>Esta generaci\u00f3n desea o espera que los profesores \/ docentes posean una pasi\u00f3n genuina sobre su campo de ense\u00f1anza y que los ejemplos abordados en clase deber\u00e1n de estar enfocados en ejemplos reales o situaciones enfocadas en escenarios pr\u00e1cticos.<\/p>\n<p><\/p>\n<p>Ahora que el desarrollo de las clases se esta enfocando a la utilizaci\u00f3n de un escenario BLENDED, esta generaci\u00f3n no desea el uso de tecnolog\u00eda sofisticada dentro del sal\u00f3n de clase. La generaci\u00f3n Z son estudiantes que aprenden r\u00e1pido, pero necesitan ayuda al inicio para efecto de familiarizarse ellos mismos con las aplicaciones o plataformas, por lo que debemos de estar preparados para brindarles la asistencia necesaria.<\/p>\n<p><\/p>\n<h2 class=\"wp-block-heading\" id=\"relevante\">Relevante<\/h2>\n<p><\/p>\n<p>Tal como lo indicamos previamente, los Zoomers desean casos relevantes, ejemplos pr\u00e1cticos, sumado a lo anterior ellos son excelentes resolviendo problemas y participando en equipos de trabajo.<\/p>\n<p><\/p>\n<p>Debido a lo anterior los profesores \/ docentes debemos de enfocarnos en actividades colaborativas que estimulen sus habilidades y capacidades para compartir con otros estudiantes.<\/p>\n<p><\/p>\n<p>Un aspecto muy importante tambi\u00e9n es la utilizaci\u00f3n de herramientas que sean visuales como el uso de infogr\u00e1ficos, gr\u00e1ficas o diagr\u00e1mas, videos o cualquier informaci\u00f3n visual que ayude a comprender los temas abordados.<\/p>\n<p><\/p>\n<h2 class=\"wp-block-heading\" id=\"receptivo\">Receptivo<\/h2>\n<p><\/p>\n<p>Los profesores \/ docentes debemos de ser receptivos a las necesidades de los estudiantes, el modelo centrado en el profesor est\u00e1 b\u00e1sicamente en el pasado. Mark McCrindle sugiere algunos elementos que ayudar\u00e1n a desarrollar una educaci\u00f3n m\u00e1s efectiva para la generaci\u00f3n Z, es por eso que demos de mostrar <strong>inter\u00e9s en las sugerencias de los estudiatnes y responderles de forma cr\u00edtica<\/strong>.<\/p>\n<p><\/p>\n<p>De igual forma debemos de brindar a nuestros estudiantes una retroalimentaci\u00f3n constructiva y valiosa.<\/p>\n<p><\/p>\n<h2 class=\"wp-block-heading\" id=\"relacional\">Relacional<\/h2>\n<p><\/p>\n<p>La comunicaci\u00f3n con los estudiantes de la generaci\u00f3n Z debe de ser abierta, si bien debe de existir una jerarqu\u00eda en la relaci\u00f3n profesor-estudiante, no debe de ser tan estricta.<\/p>\n<p><\/p>\n<p>Cuando los maestros establecen que tienen una posici\u00f3n de poder o control, no necesariamente inspiran a los estudiantes a aprender m\u00e1s.<\/p>\n<p><\/p>\n<p><\/p>\n<p><\/p>\t\t\t\t\t\t\t\t<\/div>\n\t\t\t\t<\/div>\n\t\t\t\t\t<\/div>\n\t\t<\/div>\n\t\t\t\t\t<\/div>\n\t\t<\/section>\n\t\t\t\t<section class=\"elementor-section elementor-top-section elementor-element elementor-element-91eb227 elementor-section-boxed elementor-section-height-default elementor-section-height-default\" data-id=\"91eb227\" data-element_type=\"section\" data-e-type=\"section\">\n\t\t\t\t\t\t<div class=\"elementor-container elementor-column-gap-default\">\n\t\t\t\t\t<div class=\"elementor-column elementor-col-100 elementor-top-column elementor-element elementor-element-08272fd\" data-id=\"08272fd\" data-element_type=\"column\" data-e-type=\"column\">\n\t\t\t<div class=\"elementor-widget-wrap elementor-element-populated\">\n\t\t\t\t\t\t<div class=\"elementor-element elementor-element-fce5d6c elementor-widget elementor-widget-heading\" data-id=\"fce5d6c\" data-element_type=\"widget\" data-e-type=\"widget\" data-widget_type=\"heading.default\">\n\t\t\t\t<div class=\"elementor-widget-container\">\n\t\t\t\t\t<h2 class=\"elementor-heading-title elementor-size-default\">y .. \u00bfen el \u00e1mbito laboral?<\/h2>\t\t\t\t<\/div>\n\t\t\t\t<\/div>\n\t\t\t\t\t<\/div>\n\t\t<\/div>\n\t\t\t\t\t<\/div>\n\t\t<\/section>\n\t\t\t\t<section class=\"elementor-section elementor-top-section elementor-element elementor-element-0adc974 elementor-section-boxed elementor-section-height-default elementor-section-height-default\" data-id=\"0adc974\" data-element_type=\"section\" data-e-type=\"section\">\n\t\t\t\t\t\t<div class=\"elementor-container elementor-column-gap-default\">\n\t\t\t\t\t<div class=\"elementor-column elementor-col-100 elementor-top-column elementor-element elementor-element-9b2e6d2\" data-id=\"9b2e6d2\" data-element_type=\"column\" data-e-type=\"column\">\n\t\t\t<div class=\"elementor-widget-wrap elementor-element-populated\">\n\t\t\t\t\t\t<div class=\"elementor-element elementor-element-e9cbf4f elementor-widget elementor-widget-text-editor\" data-id=\"e9cbf4f\" data-element_type=\"widget\" data-e-type=\"widget\" data-widget_type=\"text-editor.default\">\n\t\t\t\t<div class=\"elementor-widget-container\">\n\t\t\t\t\t\t\t\t\t<p>La empresa BRYQ que realiza procesos de selecci\u00f3n y contrataci\u00f3n de talento humano, han realizado procesos de investigaci\u00f3n para identificar cu\u00e1l generaci\u00f3n es la m\u00e1s apta para los escenarios laborales actuales incluso han realizado un mapa al respecto:<\/p>\t\t\t\t\t\t\t\t<\/div>\n\t\t\t\t<\/div>\n\t\t\t\t\t<\/div>\n\t\t<\/div>\n\t\t\t\t\t<\/div>\n\t\t<\/section>\n\t\t\t\t<section class=\"elementor-section elementor-top-section elementor-element elementor-element-06e205f elementor-section-boxed elementor-section-height-default elementor-section-height-default\" data-id=\"06e205f\" data-element_type=\"section\" data-e-type=\"section\">\n\t\t\t\t\t\t<div class=\"elementor-container elementor-column-gap-default\">\n\t\t\t\t\t<div class=\"elementor-column elementor-col-100 elementor-top-column elementor-element elementor-element-9fae011\" data-id=\"9fae011\" data-element_type=\"column\" data-e-type=\"column\">\n\t\t\t<div class=\"elementor-widget-wrap elementor-element-populated\">\n\t\t\t\t\t\t<div class=\"elementor-element elementor-element-21bb917 elementor-widget elementor-widget-image\" data-id=\"21bb917\" data-element_type=\"widget\" data-e-type=\"widget\" data-widget_type=\"image.default\">\n\t\t\t\t<div class=\"elementor-widget-container\">\n\t\t\t\t\t\t\t\t\t\t\t\t\t\t\t<img decoding=\"async\" src=\"https:\/\/walternavarrete.com\/wp-content\/uploads\/2022\/07\/BRYQ-GENERATION.png\" title=\"\" alt=\"\" loading=\"lazy\" \/>\t\t\t\t\t\t\t\t\t\t\t\t\t\t\t<\/div>\n\t\t\t\t<\/div>\n\t\t\t\t\t<\/div>\n\t\t<\/div>\n\t\t\t\t\t<\/div>\n\t\t<\/section>\n\t\t\t\t<section class=\"elementor-section elementor-top-section elementor-element elementor-element-486a76c elementor-section-boxed elementor-section-height-default elementor-section-height-default\" data-id=\"486a76c\" data-element_type=\"section\" data-e-type=\"section\">\n\t\t\t\t\t\t<div class=\"elementor-container elementor-column-gap-default\">\n\t\t\t\t\t<div class=\"elementor-column elementor-col-100 elementor-top-column elementor-element elementor-element-e0ec849\" data-id=\"e0ec849\" data-element_type=\"column\" data-e-type=\"column\">\n\t\t\t<div class=\"elementor-widget-wrap elementor-element-populated\">\n\t\t\t\t\t\t<div class=\"elementor-element elementor-element-a915500 elementor-widget elementor-widget-text-editor\" data-id=\"a915500\" data-element_type=\"widget\" data-e-type=\"widget\" data-widget_type=\"text-editor.default\">\n\t\t\t\t<div class=\"elementor-widget-container\">\n\t\t\t\t\t\t\t\t\t<p>Sobre esto, te comparto el link del blog de BRYQ donde comentan sobre si la Generaci\u00f3n Z es la m\u00e1s adecuada para procesos de contrataci\u00f3n.<\/p>\n<p>Link: https:\/\/www.bryq.com\/blog\/hiring-generation-z-is-key\/\u00a0<\/p>\n<p>\u00a0<\/p>\n<p>Espero que esto sea de utilidad!<\/p>\t\t\t\t\t\t\t\t<\/div>\n\t\t\t\t<\/div>\n\t\t\t\t<div class=\"elementor-element elementor-element-d9f5fb7 elementor-widget elementor-widget-animated-headline\" data-id=\"d9f5fb7\" data-element_type=\"widget\" data-e-type=\"widget\" data-widget_type=\"animated-headline.default\">\n\t\t\t\t<div class=\"elementor-widget-container\">\n\t\t\t\t\t \t\t\t\t<\/div>\n\t\t\t\t<\/div>\n\t\t\t\t<div class=\"elementor-element elementor-element-6ce62dd elementor-widget elementor-widget-share-buttons\" data-id=\"6ce62dd\" data-element_type=\"widget\" data-e-type=\"widget\" data-widget_type=\"share-buttons.default\">\n\t\t\t\t<div class=\"elementor-widget-container\">\n\t\t\t\t\t \t\t\t\t<\/div>\n\t\t\t\t<\/div>\n\t\t\t\t\t<\/div>\n\t\t<\/div>\n\t\t\t\t\t<\/div>\n\t\t<\/section>\n\t\t\t\t<\/div>\n\t\t","protected":false},"excerpt":{"rendered":"<p>Aspectos importante a considerar para replantear la educaci\u00f3n para los nativos digitales en funci\u00f3n de poder establecer una estrategia educativa relevante.<\/p>\n","protected":false},"author":1,"featured_media":1232,"comment_status":"open","ping_status":"open","sticky":false,"template":"","format":"standard","meta":{"content-type":"","footnotes":""},"categories":[69],"tags":[],"class_list":["post-1231","post","type-post","status-publish","format-standard","has-post-thumbnail","hentry","category-educacion"],"_links":{"self":[{"href":"https:\/\/walternavarrete.com\/academy\/wp-json\/wp\/v2\/posts\/1231","targetHints":{"allow":["GET"]}}],"collection":[{"href":"https:\/\/walternavarrete.com\/academy\/wp-json\/wp\/v2\/posts"}],"about":[{"href":"https:\/\/walternavarrete.com\/academy\/wp-json\/wp\/v2\/types\/post"}],"author":[{"embeddable":true,"href":"https:\/\/walternavarrete.com\/academy\/wp-json\/wp\/v2\/users\/1"}],"replies":[{"embeddable":true,"href":"https:\/\/walternavarrete.com\/academy\/wp-json\/wp\/v2\/comments?post=1231"}],"version-history":[{"count":0,"href":"https:\/\/walternavarrete.com\/academy\/wp-json\/wp\/v2\/posts\/1231\/revisions"}],"wp:featuredmedia":[{"embeddable":true,"href":"https:\/\/walternavarrete.com\/academy\/wp-json\/"}],"wp:attachment":[{"href":"https:\/\/walternavarrete.com\/academy\/wp-json\/wp\/v2\/media?parent=1231"}],"wp:term":[{"taxonomy":"category","embeddable":true,"href":"https:\/\/walternavarrete.com\/academy\/wp-json\/wp\/v2\/categories?post=1231"},{"taxonomy":"post_tag","embeddable":true,"href":"https:\/\/walternavarrete.com\/academy\/wp-json\/wp\/v2\/tags?post=1231"}],"curies":[{"name":"wp","href":"https:\/\/api.w.org\/{rel}","templated":true}]}}